{"id":385,"date":"2019-02-07T14:49:54","date_gmt":"2019-02-07T13:49:54","guid":{"rendered":"http:\/\/theloungeman.ch\/?p=385"},"modified":"2019-02-07T14:53:45","modified_gmt":"2019-02-07T13:53:45","slug":"the-way-to-oneselfthe-personal-coaching-by-madeleine-bellani","status":"publish","type":"post","link":"http:\/\/theloungeman.ch\/de\/the-way-to-oneselfthe-personal-coaching-by-madeleine-bellani\/","title":{"rendered":"The way to oneself!<br \/><small>The personal coaching by Madeleine Bellani<\/small>"},"content":{"rendered":"Unsere Gesellschaft mit ihren M\u00e4nnern und Frauen, aus denen sie sich zusammensetzt, wird immer anspruchsvoller. Der Druck kommt h\u00e4ufig von au\u00dfen, von \u201eanderen\u201c. Er kann jedoch auch von innen kommen, von der Seele, vom Geist, von allem, was unser Wesen mit Stereotypen, Zweifeln und Unbehagen plagt, die sich seit geraumer Zeit angesammelt haben. Um Gleichgewicht, urspr\u00fcngliche Energie und Selbstvertrauen zur\u00fcckzugewinnen, ist es manchmal erforderlich, sich begleiten zu lassen. Die Personen, die Sie beraten, tragen je nach T\u00e4tigkeitsfeld unterschiedliche Titel: Coach, Therapeut, usw. Es gibt verschiedenste Bezeichnungen. Die effizientesten Experten mit den meisten Referenzen sind diejenigen mit offensichtlichem Einf\u00fchlungsverm\u00f6gen. Madeleine Bellani geh\u00f6rt zu dieser besonderen Gruppe. Ein Interview.<\/p>\n<ol>\n<li>K\u00f6nnten Sie uns in wenigen Worten etwas \u00fcber Ihren Werdegang berichten?<\/li>\n<\/ol>\n<p>Nach einer \u00e4sthetischen Grundausbildung absolvierte ich verschiedene Weiterbildungen f\u00fcr therapeutische Massagen und traditionelle chinesische Medizin. Dann ging ich nach Australien und Neuseeland, um 1 Jahr lang Englisch zu lernen. So konnte ich Reisen, Sprachenlernen und Arbeit miteinander verkn\u00fcpfen. Hierzu f\u00e4llt mir als Anekdote ein, dass ich 4 kg Enthaarungswachs und Massage\u00f6l mitbrachte. Ich konnte Pflegeleistungen in einer Jugendherberge anbieten, die einen Teil meiner Reise finanziert hatte.<br \/>\nAls ich in die Schweiz zur\u00fcckkehrte, sammelte ich in Verbier eine sch\u00f6ne Erfahrung in der Welt des Sports. Dann kam die Position f\u00fcr eine Luxuskosmetikmarke in einem 5*-Hotel an der Riviera. Meine Karriere setzte sich mit einer Position in der pr\u00e4- und postoperativen Pflege der \u00e4sthetischen Medizin in einer Privatklinik in Genf fort. Danach hatte der Wunsch nach Selbstst\u00e4ndigkeit die Oberhand gewonnen. Ich mietete ein Zimmer in einem Haus im Herzen von Lausanne (2 Jahre), in der Altstadt von St-Prex (4 Jahre) an. Im Jahr 2012 wurde das Beauty- und Wellnesszentrum \u201eLes Ateliers Beaut\u00e9 d&#8217;Ouchy\u201c er\u00f6ffnet. Um mein Wissen zu vervollst\u00e4ndigen, absolvierte ich 2015 in Mailand eine Weiterbildung zum Imageberater und Stylecoach.<\/p>\n<ol start=\"2\">\n<li>Ihr Wellnessbereich hei\u00dft \u201eLes ateliers beaut\u00e9 d&#8217;Ouchy\u201c. Was bieten Sie an?<\/li>\n<\/ol>\n<p>Mein Ziel ist es, eine gemeinsame Einrichtung f\u00fcr Wohlbefinden und Sch\u00f6nheit zu bieten, und zwar sowohl f\u00fcr M\u00e4nner als auch f\u00fcr Frauen. Die Einrichtung ist in vier Bereiche aufgeteilt: einer f\u00fcr die entspannende und \u00e4sthetische Pflege, einer f\u00fcr M\u00e4nner: Friseur, Barbier und Pflege, ein dritter f\u00fcr Imageberatung und Style Coaching und schlie\u00dflich ein letzter Bereich, der als Treffpunkt, Workshop f\u00fcr Sch\u00f6nheitsberatung oder f\u00fcr die Kreation von nat\u00fcrlichen Kosmetikprodukten, Privatverkauf usw. genutzt werden kann&#8230;<\/p>\n<ol start=\"3\">\n<li>Style Coaching&#8230; Was ist das?<\/li>\n<\/ol>\n<p>Style Coaching ist die individuelle Begleitung, um Ihren eigenen Modestil zu entdecken. Wir sind alle ganz verschieden, und den Stil zu finden, der uns widerspiegelt, ist wie die Entwicklung unserer eigenen Unterschrift. Das Ziel ist nicht nur, den Kleiderschrank zu modernisieren, sondern auch zu erreichen, dass sich der Mensch in seiner Kleidung wohlf\u00fchlt und so mehr Selbstvertrauen gewinnt.<\/p>\n<ol start=\"4\">\n<li>Warum haben Sie sich f\u00fcr diesen ganz speziellen Bereich entschieden?<\/li>\n<\/ol>\n<p>Es ist ein logischer Schritt auf meinem Karriereweg, eine Forderung meiner Kunden, die immer gr\u00f6\u00dfer wird. Dar\u00fcber hinaus geh\u00f6rt es zu meinen Wertvorstellungen, Menschen zu ermutigen, sich wohl zu f\u00fchlen. Ich begriff schnell, dass f\u00fcr viele Menschen der erste Eindruck nicht das Innere widerspiegelt, sondern das Bild, das die Person von sich selbst hat.<\/p>\n<ol start=\"5\">\n<li>Welchen Kundenkreis haben Sie?<\/li>\n<\/ol>\n<p>M\u00e4nner und Frauen im Alter von 20 bis 65 Jahren. Ob mit der Bereitschaft f\u00fcr pers\u00f6nliche Entwicklung, in Phasen des Wandels, des Jobwechsels, der Trennung, im Ruhestand oder einfach nur Menschen, die sich \u201ein ihrer Haut\u201c wohlf\u00fchlen m\u00f6chten.<\/p>\n<ol start=\"6\">\n<li>Coaching auf verschiedenen Ebenen wird in unserer Gesellschaft zunehmend pr\u00e4sent. Worauf f\u00fchren Sie das zur\u00fcck?<\/li>\n<\/ol>\n<p>Der Wunsch, in allen Bereichen, ob im beruflichen, privaten oder sozialen Rahmen, gute Leistungen zu erbringen, ist ein st\u00e4ndiger Druck in unserer Gesellschaft. Ich hoffe aufrichtig, meinen Kunden helfen zu k\u00f6nnen, nachsichtiger zu werden und es ihnen zu erm\u00f6glichen, sich einem bestimmten Bild anzun\u00e4hern, das sie von sich selbst haben.<\/p>\n<ol start=\"7\">\n<li>Wonach suchen Ihre Kunden bei Ihnen und im Allgemeinen?<\/li>\n<\/ol>\n<p>Sie streben genauso wie ich danach, in ihrem Umfeld Gutes zu tun. Der Kontakt zu ihnen schafft eine positive Energie, die sich auf ihre Umgebung und ihr Leben im Allgemeinen auswirkt. Es ist wichtig, sich gut zu f\u00fchlen.<\/p>\n<ol start=\"8\">\n<li>Konnten Sie im Leben mancher Menschen eine deutliche Ver\u00e4nderung feststellen?<\/li>\n<\/ol>\n<p>Sobald ein eigener Kleidungsstil gefunden wurde, gewinnt der Mensch mehr Selbstvertrauen. Uns so zu akzeptieren, wie wir sind, erm\u00f6glicht uns, klarere Vorstellungen von den Zielen zu haben, die wir erreichen m\u00f6chten. Ich hoffe, durch meinen Ansatz zur F\u00f6rderung der pers\u00f6nlichen Entwicklung beitragen zu k\u00f6nnen.<\/p>\n<ol start=\"9\">\n<li>Wenn Sie die Haupteigenschaft eines Pers\u00f6nlichkeitscoaches nennen sollten, welche w\u00e4re das?<\/li>\n<\/ol>\n<p>Die F\u00e4higkeit, Bed\u00fcrfnis und Motivation zu wecken. Auf unterschwellige oder tats\u00e4chliche Erwartungen der gecoachten Person einzugehen.<\/p>\n<ol start=\"10\">\n<li>Wie sehen Sie die Zukunft des Coachings in unserer westlichen Gesellschaft?<\/li>\n<li>Die Welt, die Gesellschaft und die Menschen ver\u00e4ndern sich, entwickeln sich. Meiner Meinung nach wird sich die Zukunft des Coachings an die neue Arbeitsweise jedes Einzelnen und die Bed\u00fcrfnisse der Kunden anpassen. Ich stelle mir eine Welt vor, die sich die besten Ma\u00dfnahmen zur Weiterentwicklung selbst schafft.<\/li>\n<\/ol>\n<p>&nbsp;","protected":false},"excerpt":{"rendered":"<p>Unsere Gesellschaft mit ihren M\u00e4nnern und Frauen, aus denen sie sich zusammensetzt, wird immer anspruchsvoller. Der Druck kommt h\u00e4ufig von au\u00dfen, von \u201eanderen\u201c. Er kann jedoch auch von innen kommen, [&hellip;]<\/p>\n","protected":false},"author":1,"featured_media":388,"comment_status":"open","ping_status":"open","sticky":false,"template":"","format":"standard","meta":[],"categories":[1],"tags":[],"acf":[],"_links":{"self":[{"href":"http:\/\/theloungeman.ch\/de\/wp-json\/wp\/v2\/posts\/385"}],"collection":[{"href":"http:\/\/theloungeman.ch\/de\/wp-json\/wp\/v2\/posts"}],"about":[{"href":"http:\/\/theloungeman.ch\/de\/wp-json\/wp\/v2\/types\/post"}],"author":[{"embeddable":true,"href":"http:\/\/theloungeman.ch\/de\/wp-json\/wp\/v2\/users\/1"}],"replies":[{"embeddable":true,"href":"http:\/\/theloungeman.ch\/de\/wp-json\/wp\/v2\/comments?post=385"}],"version-history":[{"count":2,"href":"http:\/\/theloungeman.ch\/de\/wp-json\/wp\/v2\/posts\/385\/revisions"}],"predecessor-version":[{"id":390,"href":"http:\/\/theloungeman.ch\/de\/wp-json\/wp\/v2\/posts\/385\/revisions\/390"}],"wp:featuredmedia":[{"embeddable":true,"href":"http:\/\/theloungeman.ch\/de\/wp-json\/wp\/v2\/media\/388"}],"wp:attachment":[{"href":"http:\/\/theloungeman.ch\/de\/wp-json\/wp\/v2\/media?parent=385"}],"wp:term":[{"taxonomy":"category","embeddable":true,"href":"http:\/\/theloungeman.ch\/de\/wp-json\/wp\/v2\/categories?post=385"},{"taxonomy":"post_tag","embeddable":true,"href":"http:\/\/theloungeman.ch\/de\/wp-json\/wp\/v2\/tags?post=385"}],"curies":[{"name":"wp","href":"https:\/\/api.w.org\/{rel}","templated":true}]}}